{"id":541,"date":"2023-09-18T11:58:13","date_gmt":"2023-09-18T09:58:13","guid":{"rendered":"https:\/\/axtra.wealcoder.com\/?p=541"},"modified":"2023-11-14T16:46:58","modified_gmt":"2023-11-14T15:46:58","slug":"emprendimiento-espana","status":"publish","type":"post","link":"https:\/\/asbat.org\/index.php\/2023\/09\/18\/emprendimiento-espana\/","title":{"rendered":"Emprendimiento en Espa\u00f1a 2022: intenci\u00f3n, motivaciones y obst\u00e1culos"},"content":{"rendered":"\t\t<div data-elementor-type=\"wp-post\" data-elementor-id=\"541\" class=\"elementor elementor-541\" data-elementor-post-type=\"post\">\n\t\t\t\t\t\t<section class=\"elementor-section elementor-top-section elementor-element elementor-element-271ddb2d elementor-section-boxed elementor-section-height-default elementor-section-height-default\" data-id=\"271ddb2d\" data-element_type=\"section\">\n\t\t\t\t\t\t<div class=\"elementor-container elementor-column-gap-default\">\n\t\t\t\t\t<div class=\"elementor-column elementor-col-100 elementor-top-column elementor-element elementor-element-11e5f91a\" data-id=\"11e5f91a\" data-element_type=\"column\">\n\t\t\t<div class=\"elementor-widget-wrap elementor-element-populated\">\n\t\t\t\t\t\t<div class=\"elementor-element elementor-element-1fcf7a76 elementor-widget elementor-widget-text-editor\" data-id=\"1fcf7a76\" data-element_type=\"widget\" data-widget_type=\"text-editor.default\">\n\t\t\t\t<div class=\"elementor-widget-container\">\n\t\t\t\t\t\t\t\t\t\n<p class=\"has-very-dark-black-color has-text-color\">El <a href=\"https:\/\/www.gem-spain.com\/wp-content\/uploads\/2023\/05\/Informe-GEM-Espana-2022-2023.pdf\" target=\"_blank\" rel=\"noreferrer noopener\"><strong>\u00faltimo informe GEM 2022-2023<\/strong><\/a>, publicado por el Observatorio del Emprendimiento de Espa\u00f1a, <strong>se\u00f1ala una recuperaci\u00f3n de la actividad emprendedora reciente (TEA) con niveles prepand\u00e9micos<\/strong>, adem\u00e1s de un incremento del emprendimiento potencial.\u00a0\u00a0<\/p>\n\n<p class=\"has-very-dark-black-color has-text-color\">Durante el a\u00f1o 2022, <strong>el 6% de la poblaci\u00f3n adulta espa\u00f1ola (de entre 18 y 64 a\u00f1os) se encuentra iniciando un nuevo proyecto de negocio de menos de tres a\u00f1os y medio de vida<\/strong>. Un porcentaje similar al del a\u00f1o 2019, antes de la crisis sanitaria.\u00a0\u00a0<\/p>\n\n<p class=\"has-very-dark-black-color has-text-color\">El estudio tambi\u00e9n augura un crecimiento de la actividad emprendedora, con un <strong>9,4% de personas que tienen intenci\u00f3n de emprender en los pr\u00f3ximos tres a\u00f1os<\/strong>. No obstante, en comparaci\u00f3n con los 48 pa\u00edses analizados, Espa\u00f1a se posiciona entre aquellos en los que se <strong>perciben peores condiciones para emprender.\u00a0<\/strong>\u00a0<\/p>\n\n<p class=\"has-very-dark-black-color has-text-color\">En esa l\u00ednea, la <strong>presidenta del Observatorio del Emprendimiento de Espa\u00f1a,<\/strong> <strong>Ana Fern\u00e1ndez<\/strong>, resalta que, \u201cpese a que el territorio espa\u00f1ol est\u00e1 a la cola de sus pa\u00edses de referencia, aquellos que presentan ingresos altos, en la tasa de emprendimiento reciente (TEA), <strong>el porcentaje de cierre de empresas en Espa\u00f1a es el m\u00e1s bajo de su grupo\u201d<\/strong>.\u00a0\u00a0<\/p>\n<p>\u00a0<\/p>\n\n<h2 class=\"has-very-dark-black-color has-text-color\"><strong>Din\u00e1mica emprendedora saludable y con potencial de crecimiento<\/strong>\u00a0<\/h2>\n\n<p>\u00a0<\/p>\n<p class=\"has-very-dark-black-color has-text-color\">Durante los a\u00f1os de pandemia, Espa\u00f1a se posicion\u00f3 como uno de los pa\u00edses europeos en los que los emprendedores resistieron mejor el periodo de incertidumbre, manteniendo las empresas consolidadas y evitando el cierre de iniciativas emprendedoras. Sin embargo, <strong>durante el 2022 se aprecia una disminuci\u00f3n del porcentaje de empresas en fase de consolidaci\u00f3n.\u00a0<\/strong>\u00a0<\/p>\n\n<p class=\"has-very-dark-black-color has-text-color\">Los <strong>emprendedores a cargo de empresas consolidadas se reducen hasta el 7%, <\/strong>mientras que el abandono empresarial aumenta hasta un 2,5%. Sin embargo, <strong>la tasa de poblaci\u00f3n que cierra definitivamente el negocio es de un 1,5%<\/strong>, lo que significa que algunas personas abandonan una actividad para emprender otra.\u00a0\u00a0<\/p>\n<p>\u00a0<\/p>\n\n<h2 class=\"has-very-dark-black-color has-text-color\"><strong>El 11% de las personas con estudios universitarios quiere emprender<\/strong>\u00a0<\/h2>\n\n<p>\u00a0<\/p>\n<p class=\"has-very-dark-black-color has-text-color\">En el \u00e1mbito de poblaci\u00f3n con estudios universitarios, una <strong>de cada diez personas afirma que est\u00e1 pensando emprender en los pr\u00f3ximos tres a\u00f1os<\/strong>, un 9% lo est\u00e1 haciendo y otro 9% est\u00e1 a cargo de empresas consolidadas de m\u00e1s de tres a\u00f1os y medio de vida.\u00a0\u00a0<\/p>\n\n<p class=\"has-very-dark-black-color has-text-color\">Estas tasas de emprendimiento superan a las de menor nivel educativo y <strong>consolidan el crecimiento de las vocaciones emprendedoras en la poblaci\u00f3n con mayor preparaci\u00f3n educativa.\u00a0<\/strong>\u00a0<\/p>\n<p>\u00a0<\/p>\n\n<h2 class=\"has-very-dark-black-color has-text-color\"><strong>Incrementa el nivel tecnol\u00f3gico de la actividad emprendedora<\/strong>\u00a0<\/h2>\n\n<p>\u00a0<\/p>\n<p class=\"has-very-dark-black-color has-text-color\">En los \u00faltimos a\u00f1os tambi\u00e9n ha ido creciendo el nivel tecnol\u00f3gico de las iniciativas recientes (TEA) y consolidadas. Aunque a\u00fan estamos lejos de contar con un tejido emprendedor que destaque por su vocaci\u00f3n tecnol\u00f3gica, <strong>una de cada diez iniciativas se califica como de nivel tecnol\u00f3gico medio o alto.<\/strong>\u00a0\u00a0<\/p>\n\n<p class=\"has-very-dark-black-color has-text-color\">En ambos casos, <strong>las iniciativas consolidadas de car\u00e1cter tecnol\u00f3gico aumentan significativamente en 2022<\/strong>, lo que parece ser el inicio de una tendencia creciente de cara al futuro.\u00a0\u00a0<\/p>\n<p>\u00a0<\/p>\n\n<h2 class=\"has-very-dark-black-color has-text-color\"><strong>Seis de cada diez proyectos han necesitado menos de 30.000\u20ac<\/strong>\u00a0<\/h2>\n\n<p>\u00a0<\/p>\n<p class=\"has-very-dark-black-color has-text-color\">Tal y como recoge el informe realizado por la RED GEN Espa\u00f1a, los emprendedores han empezado sus proyectos con menos capital que en a\u00f1os anteriores. <strong>Seis de cada diez proyectos de negocio han necesitado un capital semilla menor de 30.000 euros<\/strong>, lo que refleja la poca envergadura de las iniciativas, aunque, al mismo tiempo, facilita su financiaci\u00f3n.\u00a0\u00a0<\/p>\n\n<p class=\"has-very-dark-black-color has-text-color\">Asimismo, <strong>m\u00e1s de la mitad del capital de arranque de los proyectos emprendedores procede de sus ahorros personales<\/strong>, mientras que la otra mitad se distribuye entre los pr\u00e9stamos concedidos por bancos e instituciones financieras (17%), ayudas de familiares (10%) y otras fuentes de financiaci\u00f3n residual.<\/p>\n<p>\u00a0<\/p>\n<p>\u00a0<\/p>\n\t\t\t\t\t\t\t\t<\/div>\n\t\t\t\t<\/div>\n\t\t\t\t\t<\/div>\n\t\t<\/div>\n\t\t\t\t\t<\/div>\n\t\t<\/section>\n\t\t\t\t<\/div>\n\t\t","protected":false},"excerpt":{"rendered":"<p>El \u00faltimo informe GEM 2022-2023, publicado por el Observatorio del Emprendimiento de Espa\u00f1a, se\u00f1ala una recuperaci\u00f3n de la actividad emprendedora reciente (TEA) con niveles prepand\u00e9micos, adem\u00e1s de un incremento del emprendimiento potencial.\u00a0\u00a0 Durante el a\u00f1o 2022, el 6% de la poblaci\u00f3n adulta espa\u00f1ola (de entre 18 y 64 a\u00f1os) se encuentra iniciando un nuevo proyecto [&hellip;]<\/p>\n","protected":false},"author":3,"featured_media":6008,"comment_status":"open","ping_status":"open","sticky":false,"template":"","format":"standard","meta":{"footnotes":""},"categories":[17],"tags":[],"class_list":["post-541","post","type-post","status-publish","format-standard","has-post-thumbnail","hentry","category-actualidad"],"yoast_head":"<!-- This site is optimized with the Yoast SEO plugin v26.6 - https:\/\/yoast.com\/wordpress\/plugins\/seo\/ -->\n<title>Emprendimiento en Espa\u00f1a 2022: intenci\u00f3n, motivaciones y obst\u00e1culos - ASBAT<\/title>\n<meta name=\"robots\" content=\"noindex, follow, max-snippet:-1, max-image-preview:large, max-video-preview:-1\" \/>\n<meta property=\"og:locale\" content=\"es_ES\" \/>\n<meta property=\"og:type\" content=\"article\" \/>\n<meta property=\"og:title\" content=\"Emprendimiento en Espa\u00f1a 2022: intenci\u00f3n, motivaciones y obst\u00e1culos - ASBAT\" \/>\n<meta property=\"og:description\" content=\"El \u00faltimo informe GEM 2022-2023, publicado por el Observatorio del Emprendimiento de Espa\u00f1a, se\u00f1ala una recuperaci\u00f3n de la actividad emprendedora reciente (TEA) con niveles prepand\u00e9micos, adem\u00e1s de un incremento del emprendimiento potencial.\u00a0\u00a0 Durante el a\u00f1o 2022, el 6% de la poblaci\u00f3n adulta espa\u00f1ola (de entre 18 y 64 a\u00f1os) se encuentra iniciando un nuevo proyecto [&hellip;]\" \/>\n<meta property=\"og:url\" content=\"https:\/\/asbat.org\/index.php\/2023\/09\/18\/emprendimiento-espana\/\" \/>\n<meta property=\"og:site_name\" content=\"ASBAT\" \/>\n<meta property=\"article:published_time\" content=\"2023-09-18T09:58:13+00:00\" \/>\n<meta property=\"article:modified_time\" content=\"2023-11-14T15:46:58+00:00\" \/>\n<meta property=\"og:image\" content=\"https:\/\/asbat.org\/wp-content\/uploads\/2022\/12\/ACTUALIDAD1.jpg\" \/>\n\t<meta property=\"og:image:width\" content=\"933\" \/>\n\t<meta property=\"og:image:height\" content=\"1077\" \/>\n\t<meta property=\"og:image:type\" content=\"image\/jpeg\" \/>\n<meta name=\"author\" content=\"Patricia Juarrero\" \/>\n<meta name=\"twitter:card\" content=\"summary_large_image\" \/>\n<meta name=\"twitter:label1\" content=\"Written by\" \/>\n\t<meta name=\"twitter:data1\" content=\"Patricia Juarrero\" \/>\n\t<meta name=\"twitter:label2\" content=\"Est. reading time\" \/>\n\t<meta name=\"twitter:data2\" content=\"3 minutos\" \/>\n<script type=\"application\/ld+json\" class=\"yoast-schema-graph\">{\"@context\":\"https:\/\/schema.org\",\"@graph\":[{\"@type\":\"Article\",\"@id\":\"https:\/\/asbat.org\/index.php\/2023\/09\/18\/emprendimiento-espana\/#article\",\"isPartOf\":{\"@id\":\"https:\/\/asbat.org\/index.php\/2023\/09\/18\/emprendimiento-espana\/\"},\"author\":{\"name\":\"Patricia Juarrero\",\"@id\":\"https:\/\/asbat.westeurope.cloudapp.azure.com\/#\/schema\/person\/cc0256e2e5114a14721b1489aac5010c\"},\"headline\":\"Emprendimiento en Espa\u00f1a 2022: intenci\u00f3n, motivaciones y obst\u00e1culos\",\"datePublished\":\"2023-09-18T09:58:13+00:00\",\"dateModified\":\"2023-11-14T15:46:58+00:00\",\"mainEntityOfPage\":{\"@id\":\"https:\/\/asbat.org\/index.php\/2023\/09\/18\/emprendimiento-espana\/\"},\"wordCount\":615,\"commentCount\":0,\"publisher\":{\"@id\":\"https:\/\/asbat.westeurope.cloudapp.azure.com\/#organization\"},\"image\":{\"@id\":\"https:\/\/asbat.org\/index.php\/2023\/09\/18\/emprendimiento-espana\/#primaryimage\"},\"thumbnailUrl\":\"https:\/\/asbat.org\/wp-content\/uploads\/2022\/12\/ACTUALIDAD1.jpg\",\"articleSection\":[\"Actualidad\"],\"inLanguage\":\"es-ES\",\"potentialAction\":[{\"@type\":\"CommentAction\",\"name\":\"Comment\",\"target\":[\"https:\/\/asbat.org\/index.php\/2023\/09\/18\/emprendimiento-espana\/#respond\"]}]},{\"@type\":\"WebPage\",\"@id\":\"https:\/\/asbat.org\/index.php\/2023\/09\/18\/emprendimiento-espana\/\",\"url\":\"https:\/\/asbat.org\/index.php\/2023\/09\/18\/emprendimiento-espana\/\",\"name\":\"Emprendimiento en Espa\u00f1a 2022: intenci\u00f3n, motivaciones y obst\u00e1culos - ASBAT\",\"isPartOf\":{\"@id\":\"https:\/\/asbat.westeurope.cloudapp.azure.com\/#website\"},\"primaryImageOfPage\":{\"@id\":\"https:\/\/asbat.org\/index.php\/2023\/09\/18\/emprendimiento-espana\/#primaryimage\"},\"image\":{\"@id\":\"https:\/\/asbat.org\/index.php\/2023\/09\/18\/emprendimiento-espana\/#primaryimage\"},\"thumbnailUrl\":\"https:\/\/asbat.org\/wp-content\/uploads\/2022\/12\/ACTUALIDAD1.jpg\",\"datePublished\":\"2023-09-18T09:58:13+00:00\",\"dateModified\":\"2023-11-14T15:46:58+00:00\",\"breadcrumb\":{\"@id\":\"https:\/\/asbat.org\/index.php\/2023\/09\/18\/emprendimiento-espana\/#breadcrumb\"},\"inLanguage\":\"es-ES\",\"potentialAction\":[{\"@type\":\"ReadAction\",\"target\":[\"https:\/\/asbat.org\/index.php\/2023\/09\/18\/emprendimiento-espana\/\"]}]},{\"@type\":\"ImageObject\",\"inLanguage\":\"es-ES\",\"@id\":\"https:\/\/asbat.org\/index.php\/2023\/09\/18\/emprendimiento-espana\/#primaryimage\",\"url\":\"https:\/\/asbat.org\/wp-content\/uploads\/2022\/12\/ACTUALIDAD1.jpg\",\"contentUrl\":\"https:\/\/asbat.org\/wp-content\/uploads\/2022\/12\/ACTUALIDAD1.jpg\",\"width\":933,\"height\":1077},{\"@type\":\"BreadcrumbList\",\"@id\":\"https:\/\/asbat.org\/index.php\/2023\/09\/18\/emprendimiento-espana\/#breadcrumb\",\"itemListElement\":[{\"@type\":\"ListItem\",\"position\":1,\"name\":\"Home\",\"item\":\"https:\/\/asbat.org\/\"},{\"@type\":\"ListItem\",\"position\":2,\"name\":\"Actualidad\",\"item\":\"https:\/\/asbat.org\/index.php\/category\/actualidad\/\"},{\"@type\":\"ListItem\",\"position\":3,\"name\":\"Emprendimiento en Espa\u00f1a 2022: intenci\u00f3n, motivaciones y obst\u00e1culos\"}]},{\"@type\":\"WebSite\",\"@id\":\"https:\/\/asbat.westeurope.cloudapp.azure.com\/#website\",\"url\":\"https:\/\/asbat.westeurope.cloudapp.azure.com\/\",\"name\":\"ASBAT\",\"description\":\"Asociaci\u00f3n Espa\u00f1ola de Emprendedores y Empresas de Base Tecnol\u00f3gica\",\"publisher\":{\"@id\":\"https:\/\/asbat.westeurope.cloudapp.azure.com\/#organization\"},\"potentialAction\":[{\"@type\":\"SearchAction\",\"target\":{\"@type\":\"EntryPoint\",\"urlTemplate\":\"https:\/\/asbat.westeurope.cloudapp.azure.com\/?s={search_term_string}\"},\"query-input\":{\"@type\":\"PropertyValueSpecification\",\"valueRequired\":true,\"valueName\":\"search_term_string\"}}],\"inLanguage\":\"es-ES\"},{\"@type\":\"Organization\",\"@id\":\"https:\/\/asbat.westeurope.cloudapp.azure.com\/#organization\",\"name\":\"ASBAT\",\"url\":\"https:\/\/asbat.westeurope.cloudapp.azure.com\/\",\"logo\":{\"@type\":\"ImageObject\",\"inLanguage\":\"es-ES\",\"@id\":\"https:\/\/asbat.westeurope.cloudapp.azure.com\/#\/schema\/logo\/image\/\",\"url\":\"https:\/\/asbat.org\/wp-content\/uploads\/2023\/09\/LOGO_ASBAT_POSITIVO.png\",\"contentUrl\":\"https:\/\/asbat.org\/wp-content\/uploads\/2023\/09\/LOGO_ASBAT_POSITIVO.png\",\"width\":100,\"height\":88,\"caption\":\"ASBAT\"},\"image\":{\"@id\":\"https:\/\/asbat.westeurope.cloudapp.azure.com\/#\/schema\/logo\/image\/\"}},{\"@type\":\"Person\",\"@id\":\"https:\/\/asbat.westeurope.cloudapp.azure.com\/#\/schema\/person\/cc0256e2e5114a14721b1489aac5010c\",\"name\":\"Patricia Juarrero\",\"image\":{\"@type\":\"ImageObject\",\"inLanguage\":\"es-ES\",\"@id\":\"https:\/\/asbat.westeurope.cloudapp.azure.com\/#\/schema\/person\/image\/\",\"url\":\"https:\/\/secure.gravatar.com\/avatar\/19ca7c9d5aa52f255db9ad2b4efcb986aa06f272cb802ac8a9c1c6d04df9a827?s=96&d=mm&r=g\",\"contentUrl\":\"https:\/\/secure.gravatar.com\/avatar\/19ca7c9d5aa52f255db9ad2b4efcb986aa06f272cb802ac8a9c1c6d04df9a827?s=96&d=mm&r=g\",\"caption\":\"Patricia Juarrero\"},\"url\":\"https:\/\/asbat.org\/index.php\/author\/patricia\/\"}]}<\/script>\n<!-- \/ Yoast SEO plugin. -->","yoast_head_json":{"title":"Emprendimiento en Espa\u00f1a 2022: intenci\u00f3n, motivaciones y obst\u00e1culos - ASBAT","robots":{"index":"noindex","follow":"follow","max-snippet":"max-snippet:-1","max-image-preview":"max-image-preview:large","max-video-preview":"max-video-preview:-1"},"og_locale":"es_ES","og_type":"article","og_title":"Emprendimiento en Espa\u00f1a 2022: intenci\u00f3n, motivaciones y obst\u00e1culos - ASBAT","og_description":"El \u00faltimo informe GEM 2022-2023, publicado por el Observatorio del Emprendimiento de Espa\u00f1a, se\u00f1ala una recuperaci\u00f3n de la actividad emprendedora reciente (TEA) con niveles prepand\u00e9micos, adem\u00e1s de un incremento del emprendimiento potencial.\u00a0\u00a0 Durante el a\u00f1o 2022, el 6% de la poblaci\u00f3n adulta espa\u00f1ola (de entre 18 y 64 a\u00f1os) se encuentra iniciando un nuevo proyecto [&hellip;]","og_url":"https:\/\/asbat.org\/index.php\/2023\/09\/18\/emprendimiento-espana\/","og_site_name":"ASBAT","article_published_time":"2023-09-18T09:58:13+00:00","article_modified_time":"2023-11-14T15:46:58+00:00","og_image":[{"width":933,"height":1077,"url":"https:\/\/asbat.org\/wp-content\/uploads\/2022\/12\/ACTUALIDAD1.jpg","type":"image\/jpeg"}],"author":"Patricia Juarrero","twitter_card":"summary_large_image","twitter_misc":{"Written by":"Patricia Juarrero","Est. reading time":"3 minutos"},"schema":{"@context":"https:\/\/schema.org","@graph":[{"@type":"Article","@id":"https:\/\/asbat.org\/index.php\/2023\/09\/18\/emprendimiento-espana\/#article","isPartOf":{"@id":"https:\/\/asbat.org\/index.php\/2023\/09\/18\/emprendimiento-espana\/"},"author":{"name":"Patricia Juarrero","@id":"https:\/\/asbat.westeurope.cloudapp.azure.com\/#\/schema\/person\/cc0256e2e5114a14721b1489aac5010c"},"headline":"Emprendimiento en Espa\u00f1a 2022: intenci\u00f3n, motivaciones y obst\u00e1culos","datePublished":"2023-09-18T09:58:13+00:00","dateModified":"2023-11-14T15:46:58+00:00","mainEntityOfPage":{"@id":"https:\/\/asbat.org\/index.php\/2023\/09\/18\/emprendimiento-espana\/"},"wordCount":615,"commentCount":0,"publisher":{"@id":"https:\/\/asbat.westeurope.cloudapp.azure.com\/#organization"},"image":{"@id":"https:\/\/asbat.org\/index.php\/2023\/09\/18\/emprendimiento-espana\/#primaryimage"},"thumbnailUrl":"https:\/\/asbat.org\/wp-content\/uploads\/2022\/12\/ACTUALIDAD1.jpg","articleSection":["Actualidad"],"inLanguage":"es-ES","potentialAction":[{"@type":"CommentAction","name":"Comment","target":["https:\/\/asbat.org\/index.php\/2023\/09\/18\/emprendimiento-espana\/#respond"]}]},{"@type":"WebPage","@id":"https:\/\/asbat.org\/index.php\/2023\/09\/18\/emprendimiento-espana\/","url":"https:\/\/asbat.org\/index.php\/2023\/09\/18\/emprendimiento-espana\/","name":"Emprendimiento en Espa\u00f1a 2022: intenci\u00f3n, motivaciones y obst\u00e1culos - ASBAT","isPartOf":{"@id":"https:\/\/asbat.westeurope.cloudapp.azure.com\/#website"},"primaryImageOfPage":{"@id":"https:\/\/asbat.org\/index.php\/2023\/09\/18\/emprendimiento-espana\/#primaryimage"},"image":{"@id":"https:\/\/asbat.org\/index.php\/2023\/09\/18\/emprendimiento-espana\/#primaryimage"},"thumbnailUrl":"https:\/\/asbat.org\/wp-content\/uploads\/2022\/12\/ACTUALIDAD1.jpg","datePublished":"2023-09-18T09:58:13+00:00","dateModified":"2023-11-14T15:46:58+00:00","breadcrumb":{"@id":"https:\/\/asbat.org\/index.php\/2023\/09\/18\/emprendimiento-espana\/#breadcrumb"},"inLanguage":"es-ES","potentialAction":[{"@type":"ReadAction","target":["https:\/\/asbat.org\/index.php\/2023\/09\/18\/emprendimiento-espana\/"]}]},{"@type":"ImageObject","inLanguage":"es-ES","@id":"https:\/\/asbat.org\/index.php\/2023\/09\/18\/emprendimiento-espana\/#primaryimage","url":"https:\/\/asbat.org\/wp-content\/uploads\/2022\/12\/ACTUALIDAD1.jpg","contentUrl":"https:\/\/asbat.org\/wp-content\/uploads\/2022\/12\/ACTUALIDAD1.jpg","width":933,"height":1077},{"@type":"BreadcrumbList","@id":"https:\/\/asbat.org\/index.php\/2023\/09\/18\/emprendimiento-espana\/#breadcrumb","itemListElement":[{"@type":"ListItem","position":1,"name":"Home","item":"https:\/\/asbat.org\/"},{"@type":"ListItem","position":2,"name":"Actualidad","item":"https:\/\/asbat.org\/index.php\/category\/actualidad\/"},{"@type":"ListItem","position":3,"name":"Emprendimiento en Espa\u00f1a 2022: intenci\u00f3n, motivaciones y obst\u00e1culos"}]},{"@type":"WebSite","@id":"https:\/\/asbat.westeurope.cloudapp.azure.com\/#website","url":"https:\/\/asbat.westeurope.cloudapp.azure.com\/","name":"ASBAT","description":"Asociaci\u00f3n Espa\u00f1ola de Emprendedores y Empresas de Base Tecnol\u00f3gica","publisher":{"@id":"https:\/\/asbat.westeurope.cloudapp.azure.com\/#organization"},"potentialAction":[{"@type":"SearchAction","target":{"@type":"EntryPoint","urlTemplate":"https:\/\/asbat.westeurope.cloudapp.azure.com\/?s={search_term_string}"},"query-input":{"@type":"PropertyValueSpecification","valueRequired":true,"valueName":"search_term_string"}}],"inLanguage":"es-ES"},{"@type":"Organization","@id":"https:\/\/asbat.westeurope.cloudapp.azure.com\/#organization","name":"ASBAT","url":"https:\/\/asbat.westeurope.cloudapp.azure.com\/","logo":{"@type":"ImageObject","inLanguage":"es-ES","@id":"https:\/\/asbat.westeurope.cloudapp.azure.com\/#\/schema\/logo\/image\/","url":"https:\/\/asbat.org\/wp-content\/uploads\/2023\/09\/LOGO_ASBAT_POSITIVO.png","contentUrl":"https:\/\/asbat.org\/wp-content\/uploads\/2023\/09\/LOGO_ASBAT_POSITIVO.png","width":100,"height":88,"caption":"ASBAT"},"image":{"@id":"https:\/\/asbat.westeurope.cloudapp.azure.com\/#\/schema\/logo\/image\/"}},{"@type":"Person","@id":"https:\/\/asbat.westeurope.cloudapp.azure.com\/#\/schema\/person\/cc0256e2e5114a14721b1489aac5010c","name":"Patricia Juarrero","image":{"@type":"ImageObject","inLanguage":"es-ES","@id":"https:\/\/asbat.westeurope.cloudapp.azure.com\/#\/schema\/person\/image\/","url":"https:\/\/secure.gravatar.com\/avatar\/19ca7c9d5aa52f255db9ad2b4efcb986aa06f272cb802ac8a9c1c6d04df9a827?s=96&d=mm&r=g","contentUrl":"https:\/\/secure.gravatar.com\/avatar\/19ca7c9d5aa52f255db9ad2b4efcb986aa06f272cb802ac8a9c1c6d04df9a827?s=96&d=mm&r=g","caption":"Patricia Juarrero"},"url":"https:\/\/asbat.org\/index.php\/author\/patricia\/"}]}},"_links":{"self":[{"href":"https:\/\/asbat.org\/index.php\/wp-json\/wp\/v2\/posts\/541","targetHints":{"allow":["GET"]}}],"collection":[{"href":"https:\/\/asbat.org\/index.php\/wp-json\/wp\/v2\/posts"}],"about":[{"href":"https:\/\/asbat.org\/index.php\/wp-json\/wp\/v2\/types\/post"}],"author":[{"embeddable":true,"href":"https:\/\/asbat.org\/index.php\/wp-json\/wp\/v2\/users\/3"}],"replies":[{"embeddable":true,"href":"https:\/\/asbat.org\/index.php\/wp-json\/wp\/v2\/comments?post=541"}],"version-history":[{"count":16,"href":"https:\/\/asbat.org\/index.php\/wp-json\/wp\/v2\/posts\/541\/revisions"}],"predecessor-version":[{"id":6089,"href":"https:\/\/asbat.org\/index.php\/wp-json\/wp\/v2\/posts\/541\/revisions\/6089"}],"wp:featuredmedia":[{"embeddable":true,"href":"https:\/\/asbat.org\/index.php\/wp-json\/wp\/v2\/media\/6008"}],"wp:attachment":[{"href":"https:\/\/asbat.org\/index.php\/wp-json\/wp\/v2\/media?parent=541"}],"wp:term":[{"taxonomy":"category","embeddable":true,"href":"https:\/\/asbat.org\/index.php\/wp-json\/wp\/v2\/categories?post=541"},{"taxonomy":"post_tag","embeddable":true,"href":"https:\/\/asbat.org\/index.php\/wp-json\/wp\/v2\/tags?post=541"}],"curies":[{"name":"wp","href":"https:\/\/api.w.org\/{rel}","templated":true}]}}